{"id":3905,"date":"2020-04-09T15:33:52","date_gmt":"2020-04-09T15:33:52","guid":{"rendered":"http:\/\/www.federfarmave.it\/?p=3905"},"modified":"2020-04-09T15:41:58","modified_gmt":"2020-04-09T15:41:58","slug":"mascherine-federfarma-venezia-no-a-misinformazione-e-speculazioni-sul-prezzo","status":"publish","type":"post","link":"https:\/\/www.federfarmave.it\/index.php\/2020\/04\/09\/mascherine-federfarma-venezia-no-a-misinformazione-e-speculazioni-sul-prezzo\/","title":{"rendered":"MASCHERINE, FEDERFARMA VENEZIA: \u201cNO A MISINFORMAZIONE E SPECULAZIONI SUL PREZZO\u201d"},"content":{"rendered":"<p>\u201cNo alle speculazioni sui prezzi delle mascherine protettive per il Covid-19 e attenzione alle notizie imprecise su quanto dovrebbe costare acquistarle in farmacia\u201d. \u00c8 la presa di posizione di <strong>Federfarma Venezia<\/strong> che, per bocca del presidente <strong>Andrea Bellon<\/strong>, stigmatizza comportamenti illeciti e informazione imprecisa riguardo la vendita di questi dispositivi medici.<\/p>\n<p><img loading=\"lazy\" decoding=\"async\" class=\"size-medium wp-image-3906 alignleft\" src=\"http:\/\/www.federfarmave.it\/wp-content\/uploads\/2020\/04\/Andrea-Bellon-presidente-Federfarma-Venezia-225x300.jpg\" alt=\"\" width=\"225\" height=\"300\" srcset=\"https:\/\/www.federfarmave.it\/wp-content\/uploads\/2020\/04\/Andrea-Bellon-presidente-Federfarma-Venezia-225x300.jpg 225w, https:\/\/www.federfarmave.it\/wp-content\/uploads\/2020\/04\/Andrea-Bellon-presidente-Federfarma-Venezia-768x1024.jpg 768w, https:\/\/www.federfarmave.it\/wp-content\/uploads\/2020\/04\/Andrea-Bellon-presidente-Federfarma-Venezia-945x1260.jpg 945w, https:\/\/www.federfarmave.it\/wp-content\/uploads\/2020\/04\/Andrea-Bellon-presidente-Federfarma-Venezia-600x800.jpg 600w, https:\/\/www.federfarmave.it\/wp-content\/uploads\/2020\/04\/Andrea-Bellon-presidente-Federfarma-Venezia.jpg 1536w\" sizes=\"auto, (max-width: 225px) 100vw, 225px\" \/>\u201cSe gli organi di stampa scelgono di riportare i prezzi delle mascherine chirurgiche, quelle che pi\u00f9 comunemente si possono trovare ora in farmacia, non possono considerare la situazione precedente all\u2019esplosione della crisi \u2013 spiega <strong>Bellon<\/strong> \u2013 Fino a gennaio il prezzo al pubblico delle mascherine si assestava a circa 40-50 centesimi a pezzo, ma <strong>ora gli stock limitati e le difficolt\u00e0 di reperimento costringono le farmacie ad acquistarle ad un costo che va da un minimo di circa 1 euro a pezzo a crescere a seconda della qualit\u00e0<\/strong>. Dunque il prezzo al pubblico rispecchia una situazione di mercato e dare cifre non verificate crea malumore e disinformazione nell\u2019opinione pubblica\u201d.<\/p>\n<p>Federfarma ha lanciato da tempo l\u2019allarme su una situazione che penalizza gli utenti, proponendo agli organi competenti interventi urgenti, per ora senza risposta. \u201cL&#8217;alterazione dei prezzi alla fonte fa delle farmacie le prime vittime \u2013 spiega Bellon &#8211; ma pur di rendere disponibili le mascherine per tutti i cittadini e soprattutto per gli anziani, i pazienti oncologici, coloro devono seguire terapie in day hospital, le donne in gravidanza, continuiamo ad assoggettarci a condizioni capestro di acquisto\u201d.<\/p>\n<p>Per venire incontro alle esigenze di persone alle prese con problemi economici conseguenti al Covid-19, Federfarma sottolinea l\u2019esigenza di mettere in vendita le mascherine chirurgiche singolarmente. \u201cAbbiamo chiesto di venderle spacchettate per distribuirle cos\u00ec a pi\u00f9 persone possibili ed evitare fenomeni di accaparramento \u2013 rimarca <strong>Bellon<\/strong> \u2013 anche se bisognerebbe proporle a pacchi da 50 o 100. Ma ora che il prezzo \u00e8, nostro malgrado, lievitato, come possiamo far spendere centinaia di euro a cittadini in difficolt\u00e0? \u00c8 una questione di coscienza e anche di buon senso\u201d.<\/p>\n<p><strong>Bellon<\/strong> stigmatizza tutte le azioni speculative sui prezzi \u2013 anche qualora fossero praticate da farmacisti scorretti &#8211; che hanno fatto schizzare il costo al dettaglio delle mascherine. \u201cSono comportamenti irresponsabili, c\u2019\u00e8 in gioco la salute pubblica. Fortunatamente non \u00e8 accaduto nelle farmacie della nostra provincia, come dimostrano i controlli svolti da Nas, Guardia di Finanza e Spisal\u201d. E aggiunge: \u201cLa nostra categoria \u2013 chiosa <strong>Bellon<\/strong> &#8211; continua a pagare un prezzo altissimo all\u2019emergenza, anche con la scomparsa di colleghi e centinaia di contagiati dal virus, ma nonostante questo tiene le farmacie aperte quale primo avamposto sanitario nel territorio. Evidentemente non basta, perch\u00e9 tutti gli appelli lanciati per ridurre i costi e migliorare il servizio offerto alla collettivit\u00e0 sono rimasti inascoltati. L\u2019unica cosa concreta che si \u00e8 potuta constatare sono gli innumerevoli controlli effettuati dalle autorit\u00e0 nei nostri esercizi\u201d.<\/p>\n<p>Per arginare il circolo vizioso che si \u00e8 venuto a creare, il <strong>sistema Federfarma<\/strong> \u00e8 pronto a rafforzare le proprie azioni: a pi\u00f9 riprese ha gi\u00e0 chiesto agli organi competenti di permettere alle farmacie di vendere le mascherine a prezzi imposti e senza inutili adempimenti burocratici.<\/p>\n<p>Le altre richieste avanzate da Federfarma fin dai primi giorni di marzo, rimaste per ora senza risposta, riguardano la possibilit\u00e0 di:<\/p>\n<p>&#8211; avere l\u2019imposizione di un margine inferiore a quello del farmaco etico per le varie tipologie di mascherine, in modo da consentire alle farmacie di definire prezzi equi e sostenibili per la collettivit\u00e0;<\/p>\n<p>&#8211; vendere mascherine anche senza il marchio CE, come previsto dal decreto-legge n. 18 del 2020, premunendosi di acquisire da produttori, importatori e distributori le necessarie certificazioni, per ridurre i tempi di immissione in commercio.<\/p>\n<p>&nbsp;<\/p>\n","protected":false},"excerpt":{"rendered":"<p>\u201cNo alle speculazioni sui prezzi delle mascherine protettive per il Covid-19 e attenzione alle notizie imprecise su quanto dovrebbe costare acquistarle in farmacia\u201d. \u00c8 la presa di posizione di Federfarma Venezia che, per bocca del presidente Andrea Bellon, stigmatizza comportamenti&#8230; <a class=\"more-link\" href=\"https:\/\/www.federfarmave.it\/index.php\/2020\/04\/09\/mascherine-federfarma-venezia-no-a-misinformazione-e-speculazioni-sul-prezzo\/\">Continua a leggere &rarr;<\/a><\/p>\n","protected":false},"author":2,"featured_media":3911,"comment_status":"closed","ping_status":"closed","sticky":false,"template":"","format":"standard","meta":{"footnotes":""},"categories":[8,1,5],"tags":[],"class_list":["post-3905","post","type-post","status-publish","format-standard","has-post-thumbnail","hentry","category-comstampa","category-infosalute","category-news"],"_links":{"self":[{"href":"https:\/\/www.federfarmave.it\/index.php\/wp-json\/wp\/v2\/posts\/3905","targetHints":{"allow":["GET"]}}],"collection":[{"href":"https:\/\/www.federfarmave.it\/index.php\/wp-json\/wp\/v2\/posts"}],"about":[{"href":"https:\/\/www.federfarmave.it\/index.php\/wp-json\/wp\/v2\/types\/post"}],"author":[{"embeddable":true,"href":"https:\/\/www.federfarmave.it\/index.php\/wp-json\/wp\/v2\/users\/2"}],"replies":[{"embeddable":true,"href":"https:\/\/www.federfarmave.it\/index.php\/wp-json\/wp\/v2\/comments?post=3905"}],"version-history":[{"count":3,"href":"https:\/\/www.federfarmave.it\/index.php\/wp-json\/wp\/v2\/posts\/3905\/revisions"}],"predecessor-version":[{"id":3910,"href":"https:\/\/www.federfarmave.it\/index.php\/wp-json\/wp\/v2\/posts\/3905\/revisions\/3910"}],"wp:featuredmedia":[{"embeddable":true,"href":"https:\/\/www.federfarmave.it\/index.php\/wp-json\/wp\/v2\/media\/3911"}],"wp:attachment":[{"href":"https:\/\/www.federfarmave.it\/index.php\/wp-json\/wp\/v2\/media?parent=3905"}],"wp:term":[{"taxonomy":"category","embeddable":true,"href":"https:\/\/www.federfarmave.it\/index.php\/wp-json\/wp\/v2\/categories?post=3905"},{"taxonomy":"post_tag","embeddable":true,"href":"https:\/\/www.federfarmave.it\/index.php\/wp-json\/wp\/v2\/tags?post=3905"}],"curies":[{"name":"wp","href":"https:\/\/api.w.org\/{rel}","templated":true}]}}